{"id":971,"date":"2018-10-30T16:36:02","date_gmt":"2018-10-30T13:36:02","guid":{"rendered":"http:\/\/www.criticscorner.gr\/en\/?p=971"},"modified":"2018-10-31T13:27:13","modified_gmt":"2018-10-31T10:27:13","slug":"bayreuth-2018-interesting-debuts-and-sad-farewells","status":"publish","type":"post","link":"https:\/\/www.criticscorner.gr\/en\/bayreuth-2018-interesting-debuts-and-sad-farewells\/","title":{"rendered":"BAYREUTH 2018 &#8211;  INTERESTING DEBUTS AND SAD FAREWELLS"},"content":{"rendered":"<p><span style=\"font-weight: 400;\">By Dr. Kyriakos P. Loukakos, Honorary President of the Hellenic Drama and Music Critics Union<\/span><\/p>\n<p><b><i>Die Walk\u00fcre ovvero Ein Pl\u00e4doyer f\u00fcr Domingo<\/i><\/b><span style=\"font-weight: 400;\"> \u00a0\u00a0<\/span><\/p>\n<p><span style=\"font-weight: 400;\"> \u00a0\u00a0\u00a0\u00a0\u00a0\u00a0<a href=\"http:\/\/www.criticscorner.gr\/wp-content\/uploads\/2018\/10\/Pl\u00e1cido-Domingo-seen-here-at-the-Metropolitan-Opera-Photo-by-Chad-Batka-for-The-New-York-Times.jpg\"><img loading=\"lazy\" decoding=\"async\" class=\"alignleft wp-image-974\" title=\"Pl\u00e1cido Domingo, seen here at the Metropolitan Opera - Photo by Chad Batka for The New York Times\" src=\"http:\/\/www.criticscorner.gr\/wp-content\/uploads\/2018\/10\/Pl\u00e1cido-Domingo-seen-here-at-the-Metropolitan-Opera-Photo-by-Chad-Batka-for-The-New-York-Times-1024x696.jpg\" alt=\"Pl\u00e1cido Domingo, seen here at the Metropolitan Opera - Photo by Chad Batka for The New York Times\" width=\"313\" height=\"213\" srcset=\"https:\/\/www.criticscorner.gr\/wp-content\/uploads\/2018\/10\/Pl\u00e1cido-Domingo-seen-here-at-the-Metropolitan-Opera-Photo-by-Chad-Batka-for-The-New-York-Times.jpg 1024w, https:\/\/www.criticscorner.gr\/wp-content\/uploads\/2018\/10\/Pl\u00e1cido-Domingo-seen-here-at-the-Metropolitan-Opera-Photo-by-Chad-Batka-for-The-New-York-Times-300x204.jpg 300w, https:\/\/www.criticscorner.gr\/wp-content\/uploads\/2018\/10\/Pl\u00e1cido-Domingo-seen-here-at-the-Metropolitan-Opera-Photo-by-Chad-Batka-for-The-New-York-Times-768x522.jpg 768w, https:\/\/www.criticscorner.gr\/wp-content\/uploads\/2018\/10\/Pl\u00e1cido-Domingo-seen-here-at-the-Metropolitan-Opera-Photo-by-Chad-Batka-for-The-New-York-Times-696x473.jpg 696w, https:\/\/www.criticscorner.gr\/wp-content\/uploads\/2018\/10\/Pl\u00e1cido-Domingo-seen-here-at-the-Metropolitan-Opera-Photo-by-Chad-Batka-for-The-New-York-Times-618x420.jpg 618w\" sizes=\"auto, (max-width: 313px) 100vw, 313px\" \/><\/a>\u00a0It was the first time we joined the Bayreuth Festival during the first cycle of its performances, usually reserved to political and social prominence and lately plagued by the inexorable heat of a phenomenally rainless German summer. We were nevertheless adamant on witnessing the Bayreuth Festival debut of <\/span><b>Pl\u00e1cido<\/b><b> Domingo<\/b><span style=\"font-weight: 400;\"> as a conductor, in Richard Wagner\u2019s <\/span><b><i>Die Walk\u00fcre<\/i><\/b><span style=\"font-weight: 400;\">, especially in the context of a rather indecent dialogue over his indomitable energy and his explorative appetite for territories not (?) directly linked to his unrivalled tenor stature. <\/span><\/p>\n<p><span style=\"font-weight: 400;\"> \u00a0\u00a0\u00a0\u00a0\u00a0\u00a0The Festival was thankfully perceptive enough to grant this most special of artists the unique privilege of the first ever breaking of a strict Bayreuth rule. The rule which forbids the fragmentary presentation of the <\/span><i><span style=\"font-weight: 400;\">Der<\/span><\/i> <i><span style=\"font-weight: 400;\">Ring des Nibelungen<\/span><\/i><span style=\"font-weight: 400;\"> cycle at the Festspielhaus. It is a long time now that Domingo faces the doubts of some, especially in the so called \u00absocial \u00a0media\u00bb, for his performances in baritone roles and as to whether he should go on at an age that many others have long retired. The artist himself has granted a simple and honest answer to that, stating in any possible way and occasion that this musical quest is to him a passionate necessity. Irrespective of any reservations on this matter, it must be admitted that fully packed opera houses, wherever Domingo appears, form a public response that indeed silences criticism.<\/span><\/p>\n<p><span style=\"font-weight: 400;\"> \u00a0\u00a0\u00a0<a href=\"http:\/\/www.criticscorner.gr\/wp-content\/uploads\/2018\/10\/Die-Walkuere-Bayreuth-Festival-2018-by-Elli-Solomonidi-Balanou.jpg\"><img loading=\"lazy\" decoding=\"async\" class=\"aligncenter wp-image-981\" title=\"Die-Walkuere-Bayreuth-Festival-2018-by-Elli-Solomonidi-Balanou\" src=\"http:\/\/www.criticscorner.gr\/wp-content\/uploads\/2018\/10\/Die-Walkuere-Bayreuth-Festival-2018-by-Elli-Solomonidi-Balanou-1024x736.jpg\" alt=\"\" width=\"670\" height=\"481\" srcset=\"https:\/\/www.criticscorner.gr\/wp-content\/uploads\/2018\/10\/Die-Walkuere-Bayreuth-Festival-2018-by-Elli-Solomonidi-Balanou-1024x736.jpg 1024w, https:\/\/www.criticscorner.gr\/wp-content\/uploads\/2018\/10\/Die-Walkuere-Bayreuth-Festival-2018-by-Elli-Solomonidi-Balanou-300x216.jpg 300w, https:\/\/www.criticscorner.gr\/wp-content\/uploads\/2018\/10\/Die-Walkuere-Bayreuth-Festival-2018-by-Elli-Solomonidi-Balanou-768x552.jpg 768w, https:\/\/www.criticscorner.gr\/wp-content\/uploads\/2018\/10\/Die-Walkuere-Bayreuth-Festival-2018-by-Elli-Solomonidi-Balanou-696x501.jpg 696w, https:\/\/www.criticscorner.gr\/wp-content\/uploads\/2018\/10\/Die-Walkuere-Bayreuth-Festival-2018-by-Elli-Solomonidi-Balanou-1068x768.jpg 1068w, https:\/\/www.criticscorner.gr\/wp-content\/uploads\/2018\/10\/Die-Walkuere-Bayreuth-Festival-2018-by-Elli-Solomonidi-Balanou-584x420.jpg 584w\" sizes=\"auto, (max-width: 670px) 100vw, 670px\" \/><\/a>\u00a0\u00a0\u00a0\u00a0The astonishing record of his by now 150 operatic roles in a career of over half a century<\/span><span style=\"font-weight: 400;\"><span style=\"font-size: 10pt;\"><sup>1<\/sup><\/span>\u00a0undeniably implies his very careful choice of steps in order to retain an actual vocal status as his. But conducting has also been a parallel activity to his singing career for at least three decades. In this respect one should also take into serious consideration that Domingo is no novice to Wagner either, after at least 5 decades of sporadic, yet orderly increasing and deepening interest for Wagnerian roles. A partial private recording documents the youthful bloom and sketchy German of the then 27-year-old for his 1968 Hamburg State Opera House debut as <\/span><i><span style=\"font-weight: 400;\">Lohengrin<\/span><\/i><span style=\"font-weight: 400;\">. And his critically acclaimed Walther von Stolzing in <\/span><i><span style=\"font-weight: 400;\">Die Meistersinger von <\/span><\/i><i><span style=\"font-weight: 400;\">N\u00fcrnberg<\/span><\/i><span style=\"font-weight: 400;\"> came as early as 1973 in form of a commercial recording<span style=\"font-size: 8pt;\"><span style=\"font-size: 10pt;\"><sup>2<\/sup><\/span>\u00a0<\/span><\/span><span style=\"font-weight: 400;\">, conducted by no less than Eugen Jochum. Audiences accustomed to Teutonic knights were thrilled by his tonal warmth, even if the German still remained problematic even to a non native listener. But Domingo kept on, working hard on his homework. His German had improved considerably by the time he tackled again <\/span><i><span style=\"font-weight: 400;\">Lohengrin<\/span><\/i><span style=\"font-weight: 400;\"> for the studio, with a darker tone this time, alongside Jessye Norman and conducted by Sir Georg Solti<span style=\"font-size: 10pt;\"><sup>3<\/sup><\/span><\/span><span style=\"font-weight: 400;\">, while Parsifal (1992, 1993, 1995)<span style=\"font-size: 10pt;\"><sup>4<\/sup><\/span><\/span><span style=\"font-weight: 400;\"><span style=\"font-size: 10pt;\">\u00a0<\/span>and \u00a0Siegmund (2000) were already on their way to the stage of the Bayreuth Festival. His <\/span><i><span style=\"font-weight: 400;\">Tannh\u00e4user<\/span><\/i><span style=\"font-weight: 400;\"> and <\/span><i><span style=\"font-weight: 400;\">Tristan<\/span><\/i><span style=\"font-weight: 400;\"> followed, honey toned and insightful, both in the safety of the studio. \u00a0Having witnessed his Siegmund at the Royal Opera House, Covent Garden, back in 2005, we are compelled to admit that in a world deprived of Konya, Vickers or Jerusalem, his interpretations of the aforementioned roles have reflected a moving lyrical empathy as well as muscular vocal fundament, a combination referring as directly as possible to the inimitable\u00a0<\/span><span style=\"font-weight: 400;\">Lauritz Melchior, whose vocal longevity also owed as much as Domingo\u2019s to their common baritonal provenance.<\/span><\/p>\n<p><span style=\"font-weight: 400;\"> \u00a0\u00a0\u00a0\u00a0Having stated our case and living in a world where so called \u00abtalent shows\u00bb catapult overnight to fame and money totally ignorant people for rather spurious motivations of collective predilection, we consider any doubt related to Domingo\u2019s conductor debut in Bayreuth as crudely unfair as the intensive booing of a vociferous minority among the Bayreuth public of the July 31<\/span><span style=\"font-weight: 400;\">st<\/span><span style=\"font-weight: 400;\"> premiere. A manifestation that reminds us of another similar occasion, on March 2017, against Semyon Bychkov this time, conducting <\/span><i><span style=\"font-weight: 400;\">Parsifal<\/span><\/i><span style=\"font-weight: 400;\"> at the Vienna State Opera, coincidentally (?) the same opera he was invited to lead at the next year\u2019s Bayreuth Festival! <\/span><\/p>\n<p><span style=\"font-weight: 400;\"> \u00a0\u00a0\u00a0\u00a0\u00a0In any case, Domingo came to this challenge thoroughly prepared and of course fully aware that he would neither possibly encipher all partition\u2019s mysteries from his first performance of it nor offer at his debut the most idiomatic seasoned Wagner conducting available. Yet his proved a solid, musical narrative, focused to a more humanized perception of love and its pain, a performance which, though discreet and intimate, provided nevertheless the excellent cast with opportunities to articulate fully and clearly the text as well as to shine vocally, to the extent of even taking some liberties with the score, such as Siegmund\u2019s \u00a0extended invocations to W<\/span><span style=\"font-weight: 400;\">\u00e4<\/span><span style=\"font-weight: 400;\">lse, so dear to tenors of the past that happened to possess the required breath stamina. His view of the work, as a primarily personal drama of conflicting feelings and duties, led him to some dangerously slow tempi, in particular during the act 1 love duet, but otherwise his pace remained natural and undemonstrative, smoothing also to some extent <\/span><b>Frank Castorf<\/b><span style=\"font-weight: 400;\">\u2019s debatable production, which by the way seemed to have improved considerably (especially in the more flexible and discreet use of the video) since it\u2019s first airing, conducted then by Kirill Petrenko.<\/span><\/p>\n<p><span style=\"font-weight: 400;\"> \u00a0\u00a0\u00a0\u00a0\u00a0\u00a0The strong vocal impact of the W<\/span><span style=\"font-weight: 400;\">\u00e4<\/span><span style=\"font-weight: 400;\">lsung incest pair, tonally luscious soprano <\/span><b>Anja Kampe<\/b><span style=\"font-weight: 400;\"> as a full voiced Sieglinde and robust tenor <\/span><b>Stephen Gould<\/b><span style=\"font-weight: 400;\"> as a vocally fearless and only very sporadically flat Siegmund, was further enhanced by the justly fabled acoustic. Kampe\u2019s \u00ab<\/span><i><span style=\"font-weight: 400;\">O hehrstes Wunder<\/span><\/i><span style=\"font-weight: 400;\">\u00bb surely left its mark in the memory. The persecuted twin lovers had to face an equally defiant Hunding in young bass <\/span><b>Tobias Kehrer<\/b><span style=\"font-weight: 400;\">, vocally and histrionically. Swedish baritone <\/span><b>John Lundgren<\/b><span style=\"font-weight: 400;\">, also a new name to us, proved a youthful Wotan of godly stature, made much of his long act 2 monologue and communicated authority while facing a highly involved team of Valkyries in the following act. Furthermore there was a splendid give and take between him and his Goddess wife Fricka, strongly characterized and sung with uncompromised accuracy by Russian mezzo <\/span><b>Marina Prudenskaja<\/b><span style=\"font-weight: 400;\">. As <\/span><span style=\"font-weight: 400;\">Br\u00fcnnhilde, <\/span><span style=\"font-weight: 400;\">\u00a0soprano <\/span><b>Catherine Foster<\/b><span style=\"font-weight: 400;\"> has gone a long way towards a deeply felt and considered characterization since her rather bland 2011 Manchester performances<span style=\"font-size: 10pt;\"><sup>5<\/sup><\/span><\/span><span style=\"font-weight: 400;\">. Moreover her histrionic involvement did not endanger at any stage her vocally resplendent emission, from the dangerous leaps of the initial Hojotojos, through a moving <\/span><i><span style=\"font-weight: 400;\">Todesverk\u00fcndigung<\/span><\/i><span style=\"font-weight: 400;\"> to the heart breaking farewell duet.<\/span><\/p>\n<p><b><i>Parsifal <\/i><\/b><span style=\"font-weight: 400;\">\u00a0 \u00a0<\/span><\/p>\n<p><span style=\"font-weight: 400;\"><a href=\"http:\/\/www.criticscorner.gr\/wp-content\/uploads\/2018\/10\/Parsifal-Bayreuth-2018-by-Elli-Solomonidi-Balanou.jpg\"><img loading=\"lazy\" decoding=\"async\" class=\"wp-image-980 alignleft\" title=\"Parsifal-Bayreuth-2018-by-Elli-Solomonidi-Balanou\" src=\"http:\/\/www.criticscorner.gr\/wp-content\/uploads\/2018\/10\/Parsifal-Bayreuth-2018-by-Elli-Solomonidi-Balanou-745x1024.jpg\" alt=\"Parsifal, Bayreuth 2018 - by Elli Solomonidi-Balanou\" width=\"283\" height=\"389\" srcset=\"https:\/\/www.criticscorner.gr\/wp-content\/uploads\/2018\/10\/Parsifal-Bayreuth-2018-by-Elli-Solomonidi-Balanou-745x1024.jpg 745w, https:\/\/www.criticscorner.gr\/wp-content\/uploads\/2018\/10\/Parsifal-Bayreuth-2018-by-Elli-Solomonidi-Balanou-218x300.jpg 218w, https:\/\/www.criticscorner.gr\/wp-content\/uploads\/2018\/10\/Parsifal-Bayreuth-2018-by-Elli-Solomonidi-Balanou-768x1055.jpg 768w, https:\/\/www.criticscorner.gr\/wp-content\/uploads\/2018\/10\/Parsifal-Bayreuth-2018-by-Elli-Solomonidi-Balanou-696x956.jpg 696w, https:\/\/www.criticscorner.gr\/wp-content\/uploads\/2018\/10\/Parsifal-Bayreuth-2018-by-Elli-Solomonidi-Balanou-1068x1467.jpg 1068w, https:\/\/www.criticscorner.gr\/wp-content\/uploads\/2018\/10\/Parsifal-Bayreuth-2018-by-Elli-Solomonidi-Balanou-306x420.jpg 306w\" sizes=\"auto, (max-width: 283px) 100vw, 283px\" \/><\/a>Having to attend <i>Parsifal<\/i> and <i>Lohengrin<\/i> in 2 consecutive evenings brought to fore an interesting reference to the Shakespearian precedent. As Lohengrin informs his listeners, he is the son of Parsifal, who apparently accepted the scepter of Monsalvat, after having soothingly deposed legitimate King Titurel\u2019s heir, Amfortas. In this, their new capacity, the usurper sends his son (and heir?) to the world in order to establish some dubious kind of divine legitimacy and justice! Anyway, as a seasoned \u00a0friend of the Festival commented during an interval,\u00a0<\/span><\/p>\n<p><span style=\"font-weight: 400;\">whether you like a production in Bayreuth or not, it never fails to leave you with enough stuff for rethinking and reconsidering.<\/span><\/p>\n<p><span style=\"font-weight: 400;\"> \u00a0\u00a0\u00a0\u00a0\u00a0\u00a0Such reconsideration in crucial details was obvious in this year\u2019s <\/span><b><i>Parsifal <\/i><\/b><span style=\"font-weight: 400;\">revival by <\/span><b>Uwe Erik Laufenberg<\/b><span style=\"font-weight: 400;\">, much to the benefit of act 3, especially from the Good Friday Enchantment \u00a0and onwards, visibly eschewing the <\/span><i><span style=\"font-weight: 400;\">p\u00e9ch\u00e9 originel<\/span><\/i><span style=\"font-weight: 400;\">\u00a0<\/span><span style=\"font-weight: 400;\"> of \u00a0(nude) Adam and Eve with a cathartic rain and stressing the universal appeal of a fraternal embrace among people of any race and faith. <\/span><\/p>\n<p><span style=\"font-weight: 400;\"> \u00a0\u00a0\u00a0\u00a0\u00a0\u00a0\u00a0<a href=\"http:\/\/www.criticscorner.gr\/wp-content\/uploads\/2018\/10\/Parsifal-Schager-Pankratova-Bayreuth-Festival-2018-press-photo-by-Enrico-Nawrath.jpg\"><img loading=\"lazy\" decoding=\"async\" class=\"alignleft wp-image-978\" title=\"Parsifal Schager Pankratova, Bayreuth Festival 2018 - press photo by Enrico Nawrath\" src=\"http:\/\/www.criticscorner.gr\/wp-content\/uploads\/2018\/10\/Parsifal-Schager-Pankratova-Bayreuth-Festival-2018-press-photo-by-Enrico-Nawrath-1024x682.jpg\" alt=\"Parsifal Schager Pankratova, Bayreuth Festival 2018 - press photo by Enrico Nawrath\" width=\"318\" height=\"212\" srcset=\"https:\/\/www.criticscorner.gr\/wp-content\/uploads\/2018\/10\/Parsifal-Schager-Pankratova-Bayreuth-Festival-2018-press-photo-by-Enrico-Nawrath-1024x682.jpg 1024w, https:\/\/www.criticscorner.gr\/wp-content\/uploads\/2018\/10\/Parsifal-Schager-Pankratova-Bayreuth-Festival-2018-press-photo-by-Enrico-Nawrath-300x200.jpg 300w, https:\/\/www.criticscorner.gr\/wp-content\/uploads\/2018\/10\/Parsifal-Schager-Pankratova-Bayreuth-Festival-2018-press-photo-by-Enrico-Nawrath-768x512.jpg 768w, https:\/\/www.criticscorner.gr\/wp-content\/uploads\/2018\/10\/Parsifal-Schager-Pankratova-Bayreuth-Festival-2018-press-photo-by-Enrico-Nawrath-696x464.jpg 696w, https:\/\/www.criticscorner.gr\/wp-content\/uploads\/2018\/10\/Parsifal-Schager-Pankratova-Bayreuth-Festival-2018-press-photo-by-Enrico-Nawrath-1068x712.jpg 1068w, https:\/\/www.criticscorner.gr\/wp-content\/uploads\/2018\/10\/Parsifal-Schager-Pankratova-Bayreuth-Festival-2018-press-photo-by-Enrico-Nawrath-630x420.jpg 630w, https:\/\/www.criticscorner.gr\/wp-content\/uploads\/2018\/10\/Parsifal-Schager-Pankratova-Bayreuth-Festival-2018-press-photo-by-Enrico-Nawrath.jpg 1600w\" sizes=\"auto, (max-width: 318px) 100vw, 318px\" \/><\/a>Under the barely overstated yet transcendentally involving direction of <\/span><b>Semyon Bychkov<\/b><span style=\"font-weight: 400;\">, Wagner\u2019s swansong was served by some exceptional interpretations. Thanks to the supportive acoustic, Austrian bass <\/span><b>G\u00fcnther Groissb\u00f6ck<\/b><span style=\"font-weight: 400;\"> offered a vocally resplendent, authoritative and deeply felt performance of Gurnemanz, with exemplary diction of his long text. If anyone still considers this character as a bore, he should listen to his performance! <\/span><b>Elena Pankratova<\/b><span style=\"font-weight: 400;\"> achieved an equally elevated sphere of singing and acting excellence, surpassing even her high class Kundry of last year, thanks to searching support from Bychkov\u2019s baton and a phenomenal vocal comfort in any region of her tantalizingly secure \u00a0<\/span><i><span style=\"font-weight: 400;\">Zwischenfach<\/span><\/i><span style=\"font-weight: 400;\"> between mezzo and dramatic soprano. Her Parsifal was Austrian tenor <\/span><b>Andreas Schager<\/b><span style=\"font-weight: 400;\">, whose youthful and steely emission, while sensitive to dynamic shadings, was somewhat mitigated by deficient vocal colouring, especially in the more compassionate segments of his role. Clear text enunciation was not the highpoint of German baritone <\/span><b>Thomas J. Mayer<\/b><span style=\"font-weight: 400;\">\u2019s Amfortas, who nevertheless presented an amply sung and Christ &#8211; like tormented sinner King, believable in his palpable, blood spending suffering of an originally enacted Eucharistic ritual. With German bass <\/span><b>Tobias Kehrer<\/b><span style=\"font-weight: 400;\"> as Titurel of an almost unfittingly healthy vocal status, \u00a0\u00a0Australian bass-baritone <\/span><b>Derek Welton<\/b><span style=\"font-weight: 400;\"> as a believably masochistic, doubting Klingsor and a painstakingly schooled supporting cast of admirable Flower Maidens (their scene revealed touching musical sense), as well as very promising Esquires \u00a0and Knights, the evening came to a spiritually uplifting conclusion. Semyon Bychkov in particular scored a well deserved triumph reflected in the standing ovation of the audience, including the seasoned Wagnerians!<\/span><\/p>\n<p><b><i>Lohengrin in a new production<\/i><\/b><\/p>\n<p><span style=\"font-weight: 400;\"> \u00a0\u00a0\u00a0\u00a0\u00a0\u00a0<a href=\"http:\/\/www.criticscorner.gr\/wp-content\/uploads\/2018\/10\/Lohengrin_Beczala-Harteros-Bayreuth-Festival-press-photo-by-Enrico-Nawrath.jpg\"><img loading=\"lazy\" decoding=\"async\" class=\"alignleft wp-image-972\" title=\"Lohengrin_Beczala-Harteros-Bayreuth-Festival-press-photo-by-Enrico-Nawrath\" src=\"http:\/\/www.criticscorner.gr\/wp-content\/uploads\/2018\/10\/Lohengrin_Beczala-Harteros-Bayreuth-Festival-press-photo-by-Enrico-Nawrath-1024x682.jpg\" alt=\"\" width=\"442\" height=\"294\" srcset=\"https:\/\/www.criticscorner.gr\/wp-content\/uploads\/2018\/10\/Lohengrin_Beczala-Harteros-Bayreuth-Festival-press-photo-by-Enrico-Nawrath-1024x682.jpg 1024w, https:\/\/www.criticscorner.gr\/wp-content\/uploads\/2018\/10\/Lohengrin_Beczala-Harteros-Bayreuth-Festival-press-photo-by-Enrico-Nawrath-300x200.jpg 300w, https:\/\/www.criticscorner.gr\/wp-content\/uploads\/2018\/10\/Lohengrin_Beczala-Harteros-Bayreuth-Festival-press-photo-by-Enrico-Nawrath-768x512.jpg 768w, https:\/\/www.criticscorner.gr\/wp-content\/uploads\/2018\/10\/Lohengrin_Beczala-Harteros-Bayreuth-Festival-press-photo-by-Enrico-Nawrath-696x464.jpg 696w, https:\/\/www.criticscorner.gr\/wp-content\/uploads\/2018\/10\/Lohengrin_Beczala-Harteros-Bayreuth-Festival-press-photo-by-Enrico-Nawrath-1068x712.jpg 1068w, https:\/\/www.criticscorner.gr\/wp-content\/uploads\/2018\/10\/Lohengrin_Beczala-Harteros-Bayreuth-Festival-press-photo-by-Enrico-Nawrath-630x420.jpg 630w, https:\/\/www.criticscorner.gr\/wp-content\/uploads\/2018\/10\/Lohengrin_Beczala-Harteros-Bayreuth-Festival-press-photo-by-Enrico-Nawrath.jpg 1600w\" sizes=\"auto, (max-width: 442px) 100vw, 442px\" \/><\/a>\u00a0\u00a0\u00a0With <\/span><b><i>Lohengrin<\/i><\/b><span style=\"font-weight: 400;\"> (2 August), our 3<\/span><span style=\"font-weight: 400;\">rd<\/span><span style=\"font-weight: 400;\"> consecutive evening at the Green Hill, we sampled the only new production of this year\u2019s Festival, succeeding to the Hans Neuenfels much debated one, emblematized by the rat costumed nobles of Brabant. After the withdrawal of \u00a0Latvian star director Alvis Hermanis, this new production was passed on to his American colleague <\/span><b>Yuval Sharon<\/b><span style=\"font-weight: 400;\">, who was called to evolve his own vision of the plot drawing from the evocative scenery of painter couple <\/span><b>Neo Rauch<\/b><span style=\"font-weight: 400;\"> and <\/span><b>Rosa Loy<\/b><span style=\"font-weight: 400;\">. The two opted for a palette of grey blue as the colour depicting the work\u2019s otherworldly atmosphere, alternating between fairy tale and \u00a0nightmare and contrasting strongly to the bright orange linked with Lohengrin, as the intruder to a sober kingdom, a benefactor who seeks to enlighten with the Promethean gift of electricity (light). Orange reigns supreme also at the bridal scene of act 3, but the hero\u2019s departure brings again darkness and uncertainty to the medieval realm. Reference of the production team to Lenin (!) and his visionary effort to bring electricity to the then recently established USSR seems both irrelevant and curious, leaving one to wonder why this <\/span><i><span style=\"font-weight: 400;\">vogue<\/span><\/i><span style=\"font-weight: 400;\"> in Bayreuth to beautify a globally receding political dogma and its indisputably autocratic regimes (as Castorf <\/span><i><span style=\"font-weight: 400;\">Ring<\/span><\/i><span style=\"font-weight: 400;\"> also did).<\/span><\/p>\n<p><span style=\"font-weight: 400;\"> \u00a0\u00a0\u00a0\u00a0\u00a0\u00a0\u00a0The production provided a valuable aesthetic point of view though, thankfully without detracting from the divine music of Wagner, blessed as it was by <\/span><b>Christian Thielemann<\/b><span style=\"font-weight: 400;\">\u2019s alternately ethereal and bold reading, taut and admirably culminating to the climax of each act. <\/span><i><span style=\"font-weight: 400;\">Lohengrin<\/span><\/i><span style=\"font-weight: 400;\"> marked \u00a0this devoted Wagnerian\u2019s round-up of the Bayreuth canon, ongoing at the <\/span><i><span style=\"font-weight: 400;\">Festspielhaus<\/span><\/i><span style=\"font-weight: 400;\"> for 18 years. It was at his initiative that veteran <\/span><b>Waltraud Meier<\/b><span style=\"font-weight: 400;\"> was called back to the Green Hill, in order to bid her moving farewell to the murderous role of Ortrud<span style=\"font-size: 10pt;\"><sup>6<\/sup><\/span><\/span><span style=\"font-weight: 400;\">, an assignment that she brought off with remarkable care and insight, as one of course expects from such an experienced and visionary artist. Her Ortrud raised somewhat more cautiously but still defiantly to moments as vocally demanding as \u00ab<\/span><i><span style=\"font-weight: 400;\">Entweihte G\u00f6tter<\/span><\/i><span style=\"font-weight: 400;\">\u00bb, yet it was the sly side of the character that subtly enriched her already impressive portrayal. Acting as a prompter to her husband\u2019s schemes, she provided a welcome contrast to his physical brutality. Unfortunately Friedrich, at least as interpreted by <\/span><span style=\"font-weight: 400;\">Polish-born\u00a0Austrian <\/span><a href=\"https:\/\/en.wikipedia.org\/wiki\/Bass-baritone\"><span style=\"font-weight: 400;\">bass-<\/span><\/a><span style=\"font-weight: 400;\">baritone <\/span><b>Tomas Konieczny<\/b><span style=\"font-weight: 400;\">, was loathsome for the wrong reasons, that is for his constantly snarling vocalism, akin rather to Alberich than to a nobleman, as Count of Telramund indisputably is, albeit a villain one. German bass <\/span><b>Georg Zeppenfeld<\/b><span style=\"font-weight: 400;\"> established lean and euphonious authority to king Heinrich I (nicknamed \u00abder Vogler\u00bb, 919-936 a.D.). He compensated for a limited volume with quality of utterance and he was introduced by a smart and vocally reliable Herald in the person of his Latvian colleague <\/span><b>Egils Sili\u0146\u0161<\/b><span style=\"font-weight: 400;\">.<\/span><\/p>\n<p><span style=\"font-weight: 400;\">\u00a0 \u00a0 <\/span><span style=\"font-weight: 400;\">The focus of interest though remained with the main couple, since the tenor foreseen and already announced for the title role had been no less than Roberto Alagna, a very interesting piece of casting, considering that this would mark his first major assignment in a Wagner opera, at an advanced stage of his career, after the leap to the dramatic &#8211; heroic domain of (Verdi\u2019s) <\/span><i><span style=\"font-weight: 400;\">Otello<\/span><\/i><span style=\"font-weight: 400;\"> and (Saint-Saens\u2019s) <\/span><i><span style=\"font-weight: 400;\">Samson et Dalila<\/span><\/i><span style=\"font-weight: 400;\">. It was a choice that had taken us by surprise, at least after the triumphant series of <\/span><i><span style=\"font-weight: 400;\">Lohengrin<\/span><\/i><span style=\"font-weight: 400;\"> performances at the Semperoper Dresden under Thielemann\u2019s baton, featuring <\/span><b>Piotr Beczala<\/b><span style=\"font-weight: 400;\"> as the eponymous knight and Anna Netrebko as Elsa<sup>7<\/sup><\/span><span style=\"font-weight: 400;\">. Thielemann\u2019s choice seems to have embittered the famous Polish tenor, but thankfully and magnanimously he proved eager to join the Bayreuth production at the conductor\u2019s proposal, as an exceptional replacement for Alagna, whose late \u00a0withdrawal from the venture was commented unfavorably in otherwise carefully formulated interviews aired by the Bavarian BR Klassik radio station.<\/span><\/p>\n<p><span style=\"font-weight: 400;\">\u00a0 \u00a0 \u00a0<\/span><span style=\"font-weight: 400;\">Beczala proved a well nigh ideal piece of casting for this role, destined to remain for several years to come as his (yet) only assumption of a Wagnerian tenor part. Having gained from stage experience, he was a believably handsome and thrillingly sung Lohengrin, with enviable smoothness and sweetness of tone, elevated sense of vocal shading and colouring and with an incredible appropriation of the sung text mirrored in hiscrystal clear diction. With Netrebko having already reconsidered her vaguely negative initial response to a Bayreuth invitation (4 performances featuring the Diva are promised for 2019 on the Green Hill), it was <\/span><b>Anja Harteros<\/b><span style=\"font-weight: 400;\"> who acted as Elsa for the 2018 summer. Not anymore so fresh from her magnificent 2009 performances of that opera in Munich at the side of the unique Jonas Kaufmann<sup>8<\/sup><\/span><span style=\"font-weight: 400;\">, this most distinguished and professional of the contemporary handful of <\/span><i><span style=\"font-weight: 400;\">primadonnas<\/span><\/i><span style=\"font-weight: 400;\"> eschewed easily memories of her recent predecessors in Bayreuth, yet she had to face stiff competition from her own aforementioned achievement. Her tone seemed to lack a certain ecstatic quality during her first act invocation and seemed temporarily suffused in her confrontation with Ortrud in act 2. Nevertheless she regained her resplendent form for a memorable bridal scene in act 3. In any case our remarks are meek criticism to an artist who flirts too often with perfection to be judged by any other than her own phenomenally high standards! \u00a0\u00a0\u00a0<\/span><\/p>\n<p><b><i>The last \u201cDutchman\u201d &#8211; Reassessing a supposedly lost case<\/i><\/b><\/p>\n<p><img loading=\"lazy\" decoding=\"async\" class=\"aligncenter wp-image-976 \" title=\"Fliegende Hollaender Bayreuther Festspiele 2018 - press photo _Enrico Nawrath\" src=\"http:\/\/www.criticscorner.gr\/wp-content\/uploads\/2018\/10\/Fliegende-Hollaender-Bayreuther-Festspiele-2018-press-photo-_Enrico-Nawrath.jpg\" alt=\"Fliegende Hollaender Bayreuther Festspiele 2018 - press photo _Enrico Nawrath\" width=\"586\" height=\"507\" srcset=\"https:\/\/www.criticscorner.gr\/wp-content\/uploads\/2018\/10\/Fliegende-Hollaender-Bayreuther-Festspiele-2018-press-photo-_Enrico-Nawrath.jpg 683w, https:\/\/www.criticscorner.gr\/wp-content\/uploads\/2018\/10\/Fliegende-Hollaender-Bayreuther-Festspiele-2018-press-photo-_Enrico-Nawrath-300x260.jpg 300w, https:\/\/www.criticscorner.gr\/wp-content\/uploads\/2018\/10\/Fliegende-Hollaender-Bayreuther-Festspiele-2018-press-photo-_Enrico-Nawrath-534x462.jpg 534w, https:\/\/www.criticscorner.gr\/wp-content\/uploads\/2018\/10\/Fliegende-Hollaender-Bayreuther-Festspiele-2018-press-photo-_Enrico-Nawrath-485x420.jpg 485w\" sizes=\"auto, (max-width: 586px) 100vw, 586px\" \/><\/p>\n<p><span style=\"font-weight: 400;\">It proved a wise decision to give one more chance to <\/span><b>Jan Philipp Gloger<\/b><span style=\"font-weight: 400;\">\u2019s \u00ab<\/span><b><i>Der fliegende Holl\u00e4nder<\/i><\/b><span style=\"font-weight: 400;\">\u00bb, ably conducted by <\/span><b>Axel Kober<\/b><span style=\"font-weight: 400;\">, that had rather disappointed us on former occasions. The mismatch of yet another anti-capitalist notion with the work\u2019s romantic character had been aggravated by unfortunate casting for the eponymous phantom captain. For this last airing in Bayreuth, the production not only has improved in the care bestowed to its visual part, but has also acquired a more credible life by a (nearly) uniformly outstanding cast. The tall, well built figure lent to the Dutchman by <\/span><b>John Lundgren<\/b><span style=\"font-weight: 400;\"> was coupled with his big, dark voice and his urgent acting. Although he has still some way to go towards text enunciation and refinement of his singing, his was a believably tormented impersonation of the damned sailor, hardened by centuries of maritime and soul wanderings. He proved also a vocally and histrionically credible fantasyfor obsessed Senta, passionately acted and sung in full yet tonally suspect tone by Chemnitz-born soprano <\/span><b>Ricarda Merbeth<\/b><span style=\"font-weight: 400;\">, an instance of course more annoying to some ears than others. Lundgren provided also the necessary character contrast between the Dutchman and his supposed rival, Erik, here presented not as huntsman but as a down to earth house carpenter. This central character was magnificently served by Croatian tenor <\/span><b>Tomislav Mu\u017eek<\/b><span style=\"font-weight: 400;\">, who received enthusiastic curtain calls<\/span><span style=\"font-weight: 400;\">. Another singing and acting asset of this production\u2019s revival was the Steuermann of tenor <\/span><b>Rainer Trost<\/b><span style=\"font-weight: 400;\">, a high class singing actor for this seemingly minor yet pivotal role. Last but not least and worthy of a special accolade was British bass <\/span><b>Peter Rose<\/b><span style=\"font-weight: 400;\"> who provided an outstandingly characterful Daland, a worthy successor to Mayor Van Bett (in Lortzing\u2019s <\/span><i><span style=\"font-weight: 400;\">Zar und Zimmermann<\/span><\/i><span style=\"font-weight: 400;\">), Bacculus (<\/span><i><span style=\"font-weight: 400;\">Der Waffenschmied<\/span><\/i><span style=\"font-weight: 400;\">), Falstaff (in Otto Nicolai\u2019s opera) and others from the endangered tradition of once popular German <\/span><i><span style=\"font-weight: 400;\">heitere Oper<\/span><\/i><span style=\"font-weight: 400;\">, with which Wagner was well acquainted\u2026 \u00a0<\/span><\/p>\n<p><img loading=\"lazy\" decoding=\"async\" class=\"aligncenter wp-image-982 \" title=\"Fliegende-Hollaender-Le-Vaisseau-Fantome-Bayreuth-2018-by-Elli-Solomonidi-Balanou\" src=\"http:\/\/www.criticscorner.gr\/wp-content\/uploads\/2018\/10\/Fliegende-Hollaender-Le-Vaisseau-Fantome-Bayreuth-2018-by-Elli-Solomonidi-Balanou-691x1024.jpg\" alt=\"Fliegende-Hollaender-Le-Vaisseau-Fantome-Bayreuth-2018-by-Elli-Solomonidi-Balanou\" width=\"572\" height=\"848\" srcset=\"https:\/\/www.criticscorner.gr\/wp-content\/uploads\/2018\/10\/Fliegende-Hollaender-Le-Vaisseau-Fantome-Bayreuth-2018-by-Elli-Solomonidi-Balanou-691x1024.jpg 691w, https:\/\/www.criticscorner.gr\/wp-content\/uploads\/2018\/10\/Fliegende-Hollaender-Le-Vaisseau-Fantome-Bayreuth-2018-by-Elli-Solomonidi-Balanou-203x300.jpg 203w, https:\/\/www.criticscorner.gr\/wp-content\/uploads\/2018\/10\/Fliegende-Hollaender-Le-Vaisseau-Fantome-Bayreuth-2018-by-Elli-Solomonidi-Balanou-768x1138.jpg 768w, https:\/\/www.criticscorner.gr\/wp-content\/uploads\/2018\/10\/Fliegende-Hollaender-Le-Vaisseau-Fantome-Bayreuth-2018-by-Elli-Solomonidi-Balanou-696x1031.jpg 696w, https:\/\/www.criticscorner.gr\/wp-content\/uploads\/2018\/10\/Fliegende-Hollaender-Le-Vaisseau-Fantome-Bayreuth-2018-by-Elli-Solomonidi-Balanou-1068x1582.jpg 1068w, https:\/\/www.criticscorner.gr\/wp-content\/uploads\/2018\/10\/Fliegende-Hollaender-Le-Vaisseau-Fantome-Bayreuth-2018-by-Elli-Solomonidi-Balanou-284x420.jpg 284w\" sizes=\"auto, (max-width: 572px) 100vw, 572px\" \/><\/p>\n<p>&nbsp;<\/p>\n<hr \/>\n<p><span style=\"font-size: 8pt;\"><span style=\"font-weight: 400;\">1. His most recent assumption followed his Bayreuth conductor debut at this year\u2019s Salzburg Festival. On August 23 he impersonated fisherman Zurga in a concert performance of Georges Bizet\u2019s \u00ab<\/span><i><span style=\"font-weight: 400;\">Les <\/span><\/i><i><span style=\"font-weight: 400;\">P\u00eacheurs<\/span><\/i><i><span style=\"font-weight: 400;\"> de Perles<\/span><\/i><span style=\"font-weight: 400;\">\u00bb opposite Aida Garifulina as Leila and Javier Camarena as Nadir.<br \/>\n<\/span>2. First published \u00a0on a 5-lp set by Deutsche Grammophon<br \/>\n3. Issued initially on both \u00a0lp and cd by Decca<br \/>\n<span style=\"font-weight: 400;\">4. Wagneropera.net \u00a0under <\/span><span style=\"font-weight: 400;\"><a href=\"http:\/\/www.wagneropera.net\/biographies\/placido-domingo.htm\">http:\/\/www.wagneropera.net\/biographies\/placido-domingo.htm<\/a><br \/>\n5. Featuring the Hall\u00e9 Orchestra under the baton of Sir Mark Elder. The recording was issued on the Orchestra\u2019s own label (CDHLD7531).<br \/>\n6. An illuminating 2017 documentary by Annette Schreier under the title \u00abWagner-Legende\u00a0Waltraud Meier\u00a0&#8211;\u00a0Adieu\u00a0 \u00a0 \u00a0 \u00a0 Kundry,\u00a0Adieu Isolde\u00bb fitfully chronicles her farewell to these great roles as well as her future plans.<br \/>\n7. Available on Dvd by Deutsche Grammophon<br \/>\n8. Issued by Decca<br \/>\n<\/span><\/span><\/p>\n","protected":false},"excerpt":{"rendered":"<p>By Dr. Kyriakos P. Loukakos, Honorary President of the Hellenic Drama and Music Critics Union Die Walk\u00fcre ovvero Ein Pl\u00e4doyer f\u00fcr Domingo \u00a0\u00a0 \u00a0\u00a0\u00a0\u00a0\u00a0\u00a0\u00a0It was the first time we joined the Bayreuth Festival during the first cycle of its performances, usually reserved to political and social prominence and lately plagued by the inexorable heat of [&hellip;]<\/p>\n","protected":false},"author":2,"featured_media":973,"comment_status":"open","ping_status":"open","sticky":false,"template":"","format":"standard","meta":{"footnotes":""},"categories":[58,95],"tags":[],"class_list":{"0":"post-971","1":"post","2":"type-post","3":"status-publish","4":"format-standard","5":"has-post-thumbnail","7":"category-festival","8":"category-opera"},"yoast_head":"<!-- This site is optimized with the Yoast SEO plugin v27.5 - https:\/\/yoast.com\/product\/yoast-seo-wordpress\/ -->\n<title>BAYREUTH 2018 - INTERESTING DEBUTS AND SAD FAREWELLS<\/title>\n<meta name=\"description\" content=\"BAYREUTH 2018 - INTERESTING DEBUTS AND SAD FAREWELLS\" \/>\n<meta name=\"robots\" content=\"index, follow, max-snippet:-1, max-image-preview:large, max-video-preview:-1\" \/>\n<link rel=\"canonical\" href=\"https:\/\/www.criticscorner.gr\/en\/bayreuth-2018-interesting-debuts-and-sad-farewells\/\" \/>\n<meta property=\"og:locale\" content=\"en_US\" \/>\n<meta property=\"og:type\" content=\"article\" \/>\n<meta property=\"og:title\" content=\"BAYREUTH 2018 - INTERESTING DEBUTS AND SAD FAREWELLS\" \/>\n<meta property=\"og:description\" content=\"BAYREUTH 2018 - INTERESTING DEBUTS AND SAD FAREWELLS\" \/>\n<meta property=\"og:url\" content=\"https:\/\/www.criticscorner.gr\/en\/bayreuth-2018-interesting-debuts-and-sad-farewells\/\" \/>\n<meta property=\"article:publisher\" content=\"https:\/\/www.facebook.com\/ciriticscorner\/\" \/>\n<meta property=\"article:published_time\" content=\"2018-10-30T13:36:02+00:00\" \/>\n<meta property=\"article:modified_time\" content=\"2018-10-31T10:27:13+00:00\" \/>\n<meta property=\"og:image\" content=\"https:\/\/www.criticscorner.gr\/wp-content\/uploads\/2018\/10\/Walkure-Bayreuth-Festival-2018.jpg\" \/>\n\t<meta property=\"og:image:width\" content=\"638\" \/>\n\t<meta property=\"og:image:height\" content=\"478\" \/>\n\t<meta property=\"og:image:type\" content=\"image\/jpeg\" \/>\n<meta name=\"author\" content=\"Kyriakos Loukakos\" \/>\n<meta name=\"twitter:card\" content=\"summary_large_image\" \/>\n<meta name=\"twitter:label1\" content=\"Written by\" \/>\n\t<meta name=\"twitter:data1\" content=\"Kyriakos Loukakos\" \/>\n\t<meta name=\"twitter:label2\" content=\"Est. reading time\" \/>\n\t<meta name=\"twitter:data2\" content=\"14 minutes\" \/>\n<script type=\"application\/ld+json\" class=\"yoast-schema-graph\">{\"@context\":\"https:\\\/\\\/schema.org\",\"@graph\":[{\"@type\":\"Article\",\"@id\":\"https:\\\/\\\/www.criticscorner.gr\\\/en\\\/bayreuth-2018-interesting-debuts-and-sad-farewells\\\/#article\",\"isPartOf\":{\"@id\":\"https:\\\/\\\/www.criticscorner.gr\\\/en\\\/bayreuth-2018-interesting-debuts-and-sad-farewells\\\/\"},\"author\":{\"name\":\"Kyriakos Loukakos\",\"@id\":\"https:\\\/\\\/www.criticscorner.gr\\\/#\\\/schema\\\/person\\\/c64f51a865dde6437414b7d707c47d05\"},\"headline\":\"BAYREUTH 2018 &#8211; INTERESTING DEBUTS AND SAD FAREWELLS\",\"datePublished\":\"2018-10-30T13:36:02+00:00\",\"dateModified\":\"2018-10-31T10:27:13+00:00\",\"mainEntityOfPage\":{\"@id\":\"https:\\\/\\\/www.criticscorner.gr\\\/en\\\/bayreuth-2018-interesting-debuts-and-sad-farewells\\\/\"},\"wordCount\":2833,\"commentCount\":0,\"publisher\":{\"@id\":\"https:\\\/\\\/www.criticscorner.gr\\\/#organization\"},\"image\":{\"@id\":\"https:\\\/\\\/www.criticscorner.gr\\\/en\\\/bayreuth-2018-interesting-debuts-and-sad-farewells\\\/#primaryimage\"},\"thumbnailUrl\":\"https:\\\/\\\/www.criticscorner.gr\\\/wp-content\\\/uploads\\\/2018\\\/10\\\/Walkure-Bayreuth-Festival-2018.jpg\",\"articleSection\":[\"FESTIVAL\",\"OPERA\"],\"inLanguage\":\"en-US\"},{\"@type\":\"WebPage\",\"@id\":\"https:\\\/\\\/www.criticscorner.gr\\\/en\\\/bayreuth-2018-interesting-debuts-and-sad-farewells\\\/\",\"url\":\"https:\\\/\\\/www.criticscorner.gr\\\/en\\\/bayreuth-2018-interesting-debuts-and-sad-farewells\\\/\",\"name\":\"BAYREUTH 2018 - INTERESTING DEBUTS AND SAD FAREWELLS\",\"isPartOf\":{\"@id\":\"https:\\\/\\\/www.criticscorner.gr\\\/#website\"},\"primaryImageOfPage\":{\"@id\":\"https:\\\/\\\/www.criticscorner.gr\\\/en\\\/bayreuth-2018-interesting-debuts-and-sad-farewells\\\/#primaryimage\"},\"image\":{\"@id\":\"https:\\\/\\\/www.criticscorner.gr\\\/en\\\/bayreuth-2018-interesting-debuts-and-sad-farewells\\\/#primaryimage\"},\"thumbnailUrl\":\"https:\\\/\\\/www.criticscorner.gr\\\/wp-content\\\/uploads\\\/2018\\\/10\\\/Walkure-Bayreuth-Festival-2018.jpg\",\"datePublished\":\"2018-10-30T13:36:02+00:00\",\"dateModified\":\"2018-10-31T10:27:13+00:00\",\"description\":\"BAYREUTH 2018 - INTERESTING DEBUTS AND SAD FAREWELLS\",\"breadcrumb\":{\"@id\":\"https:\\\/\\\/www.criticscorner.gr\\\/en\\\/bayreuth-2018-interesting-debuts-and-sad-farewells\\\/#breadcrumb\"},\"inLanguage\":\"en-US\",\"potentialAction\":[{\"@type\":\"ReadAction\",\"target\":[\"https:\\\/\\\/www.criticscorner.gr\\\/en\\\/bayreuth-2018-interesting-debuts-and-sad-farewells\\\/\"]}]},{\"@type\":\"ImageObject\",\"inLanguage\":\"en-US\",\"@id\":\"https:\\\/\\\/www.criticscorner.gr\\\/en\\\/bayreuth-2018-interesting-debuts-and-sad-farewells\\\/#primaryimage\",\"url\":\"https:\\\/\\\/www.criticscorner.gr\\\/wp-content\\\/uploads\\\/2018\\\/10\\\/Walkure-Bayreuth-Festival-2018.jpg\",\"contentUrl\":\"https:\\\/\\\/www.criticscorner.gr\\\/wp-content\\\/uploads\\\/2018\\\/10\\\/Walkure-Bayreuth-Festival-2018.jpg\",\"width\":638,\"height\":478,\"caption\":\"Walkure Bayreuth Festival 2018\"},{\"@type\":\"BreadcrumbList\",\"@id\":\"https:\\\/\\\/www.criticscorner.gr\\\/en\\\/bayreuth-2018-interesting-debuts-and-sad-farewells\\\/#breadcrumb\",\"itemListElement\":[{\"@type\":\"ListItem\",\"position\":1,\"name\":\"Home\",\"item\":\"https:\\\/\\\/www.criticscorner.gr\\\/en\\\/\"},{\"@type\":\"ListItem\",\"position\":2,\"name\":\"BAYREUTH 2018 &#8211; INTERESTING DEBUTS AND SAD FAREWELLS\"}]},{\"@type\":\"WebSite\",\"@id\":\"https:\\\/\\\/www.criticscorner.gr\\\/#website\",\"url\":\"https:\\\/\\\/www.criticscorner.gr\\\/\",\"name\":\"criticscorner\",\"description\":\"\",\"publisher\":{\"@id\":\"https:\\\/\\\/www.criticscorner.gr\\\/#organization\"},\"potentialAction\":[{\"@type\":\"SearchAction\",\"target\":{\"@type\":\"EntryPoint\",\"urlTemplate\":\"https:\\\/\\\/www.criticscorner.gr\\\/?s={search_term_string}\"},\"query-input\":{\"@type\":\"PropertyValueSpecification\",\"valueRequired\":true,\"valueName\":\"search_term_string\"}}],\"inLanguage\":\"en-US\"},{\"@type\":\"Organization\",\"@id\":\"https:\\\/\\\/www.criticscorner.gr\\\/#organization\",\"name\":\"criticscorner\",\"url\":\"https:\\\/\\\/www.criticscorner.gr\\\/\",\"logo\":{\"@type\":\"ImageObject\",\"inLanguage\":\"en-US\",\"@id\":\"https:\\\/\\\/www.criticscorner.gr\\\/#\\\/schema\\\/logo\\\/image\\\/\",\"url\":\"https:\\\/\\\/www.criticscorner.gr\\\/wp-content\\\/uploads\\\/2020\\\/01\\\/FOOTER_LOGO_2.png\",\"contentUrl\":\"https:\\\/\\\/www.criticscorner.gr\\\/wp-content\\\/uploads\\\/2020\\\/01\\\/FOOTER_LOGO_2.png\",\"width\":544,\"height\":250,\"caption\":\"criticscorner\"},\"image\":{\"@id\":\"https:\\\/\\\/www.criticscorner.gr\\\/#\\\/schema\\\/logo\\\/image\\\/\"},\"sameAs\":[\"https:\\\/\\\/www.facebook.com\\\/ciriticscorner\\\/\"]},{\"@type\":\"Person\",\"@id\":\"https:\\\/\\\/www.criticscorner.gr\\\/#\\\/schema\\\/person\\\/c64f51a865dde6437414b7d707c47d05\",\"name\":\"Kyriakos Loukakos\",\"image\":{\"@type\":\"ImageObject\",\"inLanguage\":\"en-US\",\"@id\":\"https:\\\/\\\/secure.gravatar.com\\\/avatar\\\/016cb193fe6cdafaf2abf8cd4a83c0d5f7c5b7f77651569a57640c74d80e457e?s=96&d=mm&r=g\",\"url\":\"https:\\\/\\\/secure.gravatar.com\\\/avatar\\\/016cb193fe6cdafaf2abf8cd4a83c0d5f7c5b7f77651569a57640c74d80e457e?s=96&d=mm&r=g\",\"contentUrl\":\"https:\\\/\\\/secure.gravatar.com\\\/avatar\\\/016cb193fe6cdafaf2abf8cd4a83c0d5f7c5b7f77651569a57640c74d80e457e?s=96&d=mm&r=g\",\"caption\":\"Kyriakos Loukakos\"}}]}<\/script>\n<!-- \/ Yoast SEO plugin. -->","yoast_head_json":{"title":"BAYREUTH 2018 - INTERESTING DEBUTS AND SAD FAREWELLS","description":"BAYREUTH 2018 - INTERESTING DEBUTS AND SAD FAREWELLS","robots":{"index":"index","follow":"follow","max-snippet":"max-snippet:-1","max-image-preview":"max-image-preview:large","max-video-preview":"max-video-preview:-1"},"canonical":"https:\/\/www.criticscorner.gr\/en\/bayreuth-2018-interesting-debuts-and-sad-farewells\/","og_locale":"en_US","og_type":"article","og_title":"BAYREUTH 2018 - INTERESTING DEBUTS AND SAD FAREWELLS","og_description":"BAYREUTH 2018 - INTERESTING DEBUTS AND SAD FAREWELLS","og_url":"https:\/\/www.criticscorner.gr\/en\/bayreuth-2018-interesting-debuts-and-sad-farewells\/","article_publisher":"https:\/\/www.facebook.com\/ciriticscorner\/","article_published_time":"2018-10-30T13:36:02+00:00","article_modified_time":"2018-10-31T10:27:13+00:00","og_image":[{"width":638,"height":478,"url":"https:\/\/www.criticscorner.gr\/wp-content\/uploads\/2018\/10\/Walkure-Bayreuth-Festival-2018.jpg","type":"image\/jpeg"}],"author":"Kyriakos Loukakos","twitter_card":"summary_large_image","twitter_misc":{"Written by":"Kyriakos Loukakos","Est. reading time":"14 minutes"},"schema":{"@context":"https:\/\/schema.org","@graph":[{"@type":"Article","@id":"https:\/\/www.criticscorner.gr\/en\/bayreuth-2018-interesting-debuts-and-sad-farewells\/#article","isPartOf":{"@id":"https:\/\/www.criticscorner.gr\/en\/bayreuth-2018-interesting-debuts-and-sad-farewells\/"},"author":{"name":"Kyriakos Loukakos","@id":"https:\/\/www.criticscorner.gr\/#\/schema\/person\/c64f51a865dde6437414b7d707c47d05"},"headline":"BAYREUTH 2018 &#8211; INTERESTING DEBUTS AND SAD FAREWELLS","datePublished":"2018-10-30T13:36:02+00:00","dateModified":"2018-10-31T10:27:13+00:00","mainEntityOfPage":{"@id":"https:\/\/www.criticscorner.gr\/en\/bayreuth-2018-interesting-debuts-and-sad-farewells\/"},"wordCount":2833,"commentCount":0,"publisher":{"@id":"https:\/\/www.criticscorner.gr\/#organization"},"image":{"@id":"https:\/\/www.criticscorner.gr\/en\/bayreuth-2018-interesting-debuts-and-sad-farewells\/#primaryimage"},"thumbnailUrl":"https:\/\/www.criticscorner.gr\/wp-content\/uploads\/2018\/10\/Walkure-Bayreuth-Festival-2018.jpg","articleSection":["FESTIVAL","OPERA"],"inLanguage":"en-US"},{"@type":"WebPage","@id":"https:\/\/www.criticscorner.gr\/en\/bayreuth-2018-interesting-debuts-and-sad-farewells\/","url":"https:\/\/www.criticscorner.gr\/en\/bayreuth-2018-interesting-debuts-and-sad-farewells\/","name":"BAYREUTH 2018 - INTERESTING DEBUTS AND SAD FAREWELLS","isPartOf":{"@id":"https:\/\/www.criticscorner.gr\/#website"},"primaryImageOfPage":{"@id":"https:\/\/www.criticscorner.gr\/en\/bayreuth-2018-interesting-debuts-and-sad-farewells\/#primaryimage"},"image":{"@id":"https:\/\/www.criticscorner.gr\/en\/bayreuth-2018-interesting-debuts-and-sad-farewells\/#primaryimage"},"thumbnailUrl":"https:\/\/www.criticscorner.gr\/wp-content\/uploads\/2018\/10\/Walkure-Bayreuth-Festival-2018.jpg","datePublished":"2018-10-30T13:36:02+00:00","dateModified":"2018-10-31T10:27:13+00:00","description":"BAYREUTH 2018 - INTERESTING DEBUTS AND SAD FAREWELLS","breadcrumb":{"@id":"https:\/\/www.criticscorner.gr\/en\/bayreuth-2018-interesting-debuts-and-sad-farewells\/#breadcrumb"},"inLanguage":"en-US","potentialAction":[{"@type":"ReadAction","target":["https:\/\/www.criticscorner.gr\/en\/bayreuth-2018-interesting-debuts-and-sad-farewells\/"]}]},{"@type":"ImageObject","inLanguage":"en-US","@id":"https:\/\/www.criticscorner.gr\/en\/bayreuth-2018-interesting-debuts-and-sad-farewells\/#primaryimage","url":"https:\/\/www.criticscorner.gr\/wp-content\/uploads\/2018\/10\/Walkure-Bayreuth-Festival-2018.jpg","contentUrl":"https:\/\/www.criticscorner.gr\/wp-content\/uploads\/2018\/10\/Walkure-Bayreuth-Festival-2018.jpg","width":638,"height":478,"caption":"Walkure Bayreuth Festival 2018"},{"@type":"BreadcrumbList","@id":"https:\/\/www.criticscorner.gr\/en\/bayreuth-2018-interesting-debuts-and-sad-farewells\/#breadcrumb","itemListElement":[{"@type":"ListItem","position":1,"name":"Home","item":"https:\/\/www.criticscorner.gr\/en\/"},{"@type":"ListItem","position":2,"name":"BAYREUTH 2018 &#8211; INTERESTING DEBUTS AND SAD FAREWELLS"}]},{"@type":"WebSite","@id":"https:\/\/www.criticscorner.gr\/#website","url":"https:\/\/www.criticscorner.gr\/","name":"criticscorner","description":"","publisher":{"@id":"https:\/\/www.criticscorner.gr\/#organization"},"potentialAction":[{"@type":"SearchAction","target":{"@type":"EntryPoint","urlTemplate":"https:\/\/www.criticscorner.gr\/?s={search_term_string}"},"query-input":{"@type":"PropertyValueSpecification","valueRequired":true,"valueName":"search_term_string"}}],"inLanguage":"en-US"},{"@type":"Organization","@id":"https:\/\/www.criticscorner.gr\/#organization","name":"criticscorner","url":"https:\/\/www.criticscorner.gr\/","logo":{"@type":"ImageObject","inLanguage":"en-US","@id":"https:\/\/www.criticscorner.gr\/#\/schema\/logo\/image\/","url":"https:\/\/www.criticscorner.gr\/wp-content\/uploads\/2020\/01\/FOOTER_LOGO_2.png","contentUrl":"https:\/\/www.criticscorner.gr\/wp-content\/uploads\/2020\/01\/FOOTER_LOGO_2.png","width":544,"height":250,"caption":"criticscorner"},"image":{"@id":"https:\/\/www.criticscorner.gr\/#\/schema\/logo\/image\/"},"sameAs":["https:\/\/www.facebook.com\/ciriticscorner\/"]},{"@type":"Person","@id":"https:\/\/www.criticscorner.gr\/#\/schema\/person\/c64f51a865dde6437414b7d707c47d05","name":"Kyriakos Loukakos","image":{"@type":"ImageObject","inLanguage":"en-US","@id":"https:\/\/secure.gravatar.com\/avatar\/016cb193fe6cdafaf2abf8cd4a83c0d5f7c5b7f77651569a57640c74d80e457e?s=96&d=mm&r=g","url":"https:\/\/secure.gravatar.com\/avatar\/016cb193fe6cdafaf2abf8cd4a83c0d5f7c5b7f77651569a57640c74d80e457e?s=96&d=mm&r=g","contentUrl":"https:\/\/secure.gravatar.com\/avatar\/016cb193fe6cdafaf2abf8cd4a83c0d5f7c5b7f77651569a57640c74d80e457e?s=96&d=mm&r=g","caption":"Kyriakos Loukakos"}}]}},"_links":{"self":[{"href":"https:\/\/www.criticscorner.gr\/en\/wp-json\/wp\/v2\/posts\/971\/"}],"collection":[{"href":"https:\/\/www.criticscorner.gr\/en\/wp-json\/wp\/v2\/posts\/"}],"about":[{"href":"https:\/\/www.criticscorner.gr\/en\/wp-json\/wp\/v2\/types\/post\/"}],"author":[{"embeddable":true,"href":"https:\/\/www.criticscorner.gr\/en\/wp-json\/wp\/v2\/users\/2\/"}],"replies":[{"embeddable":true,"href":"https:\/\/www.criticscorner.gr\/en\/wp-json\/wp\/v2\/comments\/?post=971"}],"version-history":[{"count":0,"href":"https:\/\/www.criticscorner.gr\/en\/wp-json\/wp\/v2\/posts\/971\/revisions\/"}],"wp:featuredmedia":[{"embeddable":true,"href":"https:\/\/www.criticscorner.gr\/en\/wp-json\/wp\/v2\/media\/973\/"}],"wp:attachment":[{"href":"https:\/\/www.criticscorner.gr\/en\/wp-json\/wp\/v2\/media\/?parent=971"}],"wp:term":[{"taxonomy":"category","embeddable":true,"href":"https:\/\/www.criticscorner.gr\/en\/wp-json\/wp\/v2\/categories\/?post=971"},{"taxonomy":"post_tag","embeddable":true,"href":"https:\/\/www.criticscorner.gr\/en\/wp-json\/wp\/v2\/tags\/?post=971"}],"curies":[{"name":"wp","href":"https:\/\/api.w.org\/{rel}","templated":true}]}}